{"id":6,"date":"2023-06-01T17:53:45","date_gmt":"2023-06-01T15:53:45","guid":{"rendered":"http:\/\/pourallerdanslebonsens.com\/index.php\/2023\/06\/01\/comment-le-modele-de-management-doit-evoluer-pour-faire-face-a-la-permacrise\/"},"modified":"2023-06-01T17:53:45","modified_gmt":"2023-06-01T15:53:45","slug":"comment-le-modele-de-management-doit-evoluer-pour-faire-face-a-la-permacrise","status":"publish","type":"post","link":"https:\/\/pourallerdanslebonsens.com\/index.php\/2023\/06\/01\/comment-le-modele-de-management-doit-evoluer-pour-faire-face-a-la-permacrise\/","title":{"rendered":"Comment le mod\u00e8le de management doit \u00e9voluer pour faire face \u00e0 la permacrise"},"content":{"rendered":"<h2>Introduction<\/h2>\n<p>Le monde est en permacrise. Nous sommes confront\u00e9s \u00e0 des d\u00e9fis sans pr\u00e9c\u00e9dent, notamment en mati\u00e8re de climat, de biodiversit\u00e9 et de justice sociale. Pour r\u00e9pondre \u00e0 ces d\u00e9fis, il est n\u00e9cessaire de repenser notre fa\u00e7on de vivre, de travailler et de diriger les organisations. Les mod\u00e8les de management traditionnels sont souvent d\u00e9pass\u00e9s et ne permettent pas de faire face \u00e0 la complexit\u00e9 et \u00e0 l&rsquo;incertitude qui caract\u00e9risent notre \u00e9poque. Dans cet article, nous allons explorer les principales caract\u00e9ristiques d&rsquo;un nouveau mod\u00e8le de management adapt\u00e9 \u00e0 la permacrise.<\/p>\n<h2>Section 1: De la mesure \u00e0 la vision<\/h2>\n<p>Les mod\u00e8les de management traditionnels sont souvent centr\u00e9s sur la mesure et la performance. Les dirigeants sont obs\u00e9d\u00e9s par les indicateurs de performance et cherchent \u00e0 tout prix \u00e0 les optimiser. Cependant, cette approche peut avoir des effets pervers, tels que la fixation sur des objectifs \u00e0 court terme, la n\u00e9gligence des impacts sociaux et environnementaux, et la d\u00e9motivation des employ\u00e9s.<\/p>\n<p>Pour faire face \u00e0 la permacrise, il est n\u00e9cessaire de passer d&rsquo;une approche bas\u00e9e sur la mesure \u00e0 une approche bas\u00e9e sur la vision. Les dirigeants doivent avoir une vision claire de ce qu&rsquo;ils veulent r\u00e9aliser \u00e0 long terme, en termes de durabilit\u00e9, de r\u00e9silience et de bien-\u00eatre. Ils doivent \u00eatre capables de communiquer cette vision de mani\u00e8re inspirante et mobilisatrice, afin de susciter l&rsquo;engagement et la cr\u00e9ativit\u00e9 des employ\u00e9s.<\/p>\n<h2>Section 2: De la hi\u00e9rarchie \u00e0 l&rsquo;holacratie<\/h2>\n<p>Les mod\u00e8les de management traditionnels sont souvent bas\u00e9s sur une hi\u00e9rarchie rigide, avec des niveaux de pouvoir clairement d\u00e9finis et une centralisation du contr\u00f4le. Cependant, cette approche peut entraver l&rsquo;innovation, la flexibilit\u00e9 et la r\u00e9silience, en limitant la prise de d\u00e9cision et la diffusion de l&rsquo;information.<\/p>\n<p>Pour faire face \u00e0 la permacrise, il est n\u00e9cessaire de passer d&rsquo;une approche hi\u00e9rarchique \u00e0 une approche holacratique. L&rsquo;holacratie est un mod\u00e8le de management bas\u00e9 sur l&rsquo;autonomie, la responsabilit\u00e9 et la collaboration. Dans un tel mod\u00e8le, les employ\u00e9s sont organis\u00e9s en cercles autonomes, qui sont responsables de leurs propres d\u00e9cisions et de leurs propres r\u00e9sultats. Les cercles sont reli\u00e9s entre eux par des liens de collaboration et de coordination, ce qui permet une grande flexibilit\u00e9 et une grande agilit\u00e9.<\/p>\n<h2>Section 3: De la croissance \u00e0 la r\u00e9g\u00e9n\u00e9ration<\/h2>\n<p>Les mod\u00e8les de management traditionnels sont souvent ax\u00e9s sur la croissance \u00e9conomique, avec une obsession pour la maximisation des profits et le d\u00e9veloppement \u00e0 tout prix. Cependant, cette approche peut avoir des effets d\u00e9vastateurs sur l&rsquo;environnement, la sant\u00e9 et le bien-\u00eatre des personnes.<\/p>\n<p>Pour faire face \u00e0 la permacrise, il est n\u00e9cessaire de passer d&rsquo;une approche de croissance \u00e0 une approche de r\u00e9g\u00e9n\u00e9ration. La r\u00e9g\u00e9n\u00e9ration consiste \u00e0 cr\u00e9er des \u00e9cosyst\u00e8mes sains et r\u00e9silients, qui peuvent soutenir la vie et la prosp\u00e9rit\u00e9 \u00e0 long terme. Dans un tel mod\u00e8le, les organisations sont con\u00e7ues comme des membres de la communaut\u00e9 \u00e9cologique, qui cherchent \u00e0 r\u00e9g\u00e9n\u00e9rer les ressources naturelles, \u00e0 r\u00e9duire leur empreinte carbone, \u00e0 favoriser la biodiversit\u00e9 et \u00e0 am\u00e9liorer la qualit\u00e9 de vie des personnes.<\/p>\n<h2>Conclusion<\/h2>\n<p>La permacrise est un d\u00e9fi majeur pour le monde entier. Pour y faire face, il est n\u00e9cessaire de repenser nos mod\u00e8les de management, afin de favoriser la vision, l&rsquo;holacratie et la r\u00e9g\u00e9n\u00e9ration. Les organisations qui adoptent ces principes sont mieux \u00e9quip\u00e9es pour naviguer dans un monde complexe et incertain, et pour contribuer \u00e0 cr\u00e9er un avenir plus durable et plus juste.<\/p>\n","protected":false},"excerpt":{"rendered":"<p>Introduction Le monde est en permacrise. Nous sommes confront\u00e9s \u00e0 des d\u00e9fis sans pr\u00e9c\u00e9dent, notamment en mati\u00e8re de climat, de biodiversit\u00e9 et de justice sociale. Pour r\u00e9pondre \u00e0 ces d\u00e9fis, il est n\u00e9cessaire de repenser notre fa\u00e7on de vivre, de travailler et de diriger les organisations. Les mod\u00e8les de management traditionnels sont souvent d\u00e9pass\u00e9s et &hellip; <\/p>\n","protected":false},"author":0,"featured_media":0,"comment_status":"open","ping_status":"open","sticky":false,"template":"","format":"standard","meta":[],"categories":[1],"tags":[],"_links":{"self":[{"href":"https:\/\/pourallerdanslebonsens.com\/index.php\/wp-json\/wp\/v2\/posts\/6"}],"collection":[{"href":"https:\/\/pourallerdanslebonsens.com\/index.php\/wp-json\/wp\/v2\/posts"}],"about":[{"href":"https:\/\/pourallerdanslebonsens.com\/index.php\/wp-json\/wp\/v2\/types\/post"}],"replies":[{"embeddable":true,"href":"https:\/\/pourallerdanslebonsens.com\/index.php\/wp-json\/wp\/v2\/comments?post=6"}],"version-history":[{"count":0,"href":"https:\/\/pourallerdanslebonsens.com\/index.php\/wp-json\/wp\/v2\/posts\/6\/revisions"}],"wp:attachment":[{"href":"https:\/\/pourallerdanslebonsens.com\/index.php\/wp-json\/wp\/v2\/media?parent=6"}],"wp:term":[{"taxonomy":"category","embeddable":true,"href":"https:\/\/pourallerdanslebonsens.com\/index.php\/wp-json\/wp\/v2\/categories?post=6"},{"taxonomy":"post_tag","embeddable":true,"href":"https:\/\/pourallerdanslebonsens.com\/index.php\/wp-json\/wp\/v2\/tags?post=6"}],"curies":[{"name":"wp","href":"https:\/\/api.w.org\/{rel}","templated":true}]}}